{"id":282,"date":"2021-09-17T08:47:40","date_gmt":"2021-09-17T08:47:40","guid":{"rendered":"https:\/\/ayuntamientodeharia.com\/deportes\/?p=282"},"modified":"2021-09-17T08:47:42","modified_gmt":"2021-09-17T08:47:42","slug":"el-ayuntamiento-presenta-el-barco-haria","status":"publish","type":"post","link":"https:\/\/ayuntamientodeharia.com\/deportes\/el-ayuntamiento-presenta-el-barco-haria\/","title":{"rendered":"El Ayuntamiento presenta el barco \u2018HAR\u00cdA\u2019"},"content":{"rendered":"\n<p>El Ayuntamiento de Har\u00eda present\u00f3 la pasada semana el nuevo barco de Vela Latina del Consistorio, llamado \u2018HAR\u00cdA\u2019. Este ha sido obra del presidente del club norte\u00f1o Palmajar, Omar Ram\u00f3n Morales, y se estren\u00f3 el pasado domingo en la regata de la Copa Federaci\u00f3n.<\/p>\n\n\n\n<p>La alcaldesa de Har\u00eda, Chaxiraxi Niz, desea la mejor de las suertes al club Palmajar en este evento deportivo y asegura que desde el Ayuntamiento se apoyar\u00e1 los deportes n\u00e1uticos.<\/p>\n\n\n\n<p>Por su parte, el concejal de Deportes, Alejandro Hern\u00e1ndez, felicita a todos los que \u201chan puesto su granito de arena para que hoy el municipio de Har\u00eda cuente con un barco de 5 metros\u201d y agradece a Omar Morales por su dedicaci\u00f3n y empe\u00f1o en que este barco sea una realidad. Adem\u00e1s, le desea el mayor de los \u00e9xitos en esta nueva temporada.<\/p>\n","protected":false},"excerpt":{"rendered":"<p>El Ayuntamiento de Har\u00eda present\u00f3 la pasada semana el nuevo barco de Vela Latina del Consistorio, llamado \u2018HAR\u00cdA\u2019. Este ha sido obra del presidente del club norte\u00f1o Palmajar, Omar Ram\u00f3n Morales, y se estren\u00f3 el pasado domingo en la regata de la Copa Federaci\u00f3n. La alcaldesa de Har\u00eda, Chaxiraxi Niz, desea la mejor de las [&hellip;]<\/p>\n","protected":false},"author":1,"featured_media":283,"comment_status":"closed","ping_status":"open","sticky":false,"template":"","format":"standard","meta":{"footnotes":""},"categories":[19],"tags":[],"class_list":["post-282","post","type-post","status-publish","format-standard","has-post-thumbnail","hentry","category-vela"],"_links":{"self":[{"href":"https:\/\/ayuntamientodeharia.com\/deportes\/wp-json\/wp\/v2\/posts\/282","targetHints":{"allow":["GET"]}}],"collection":[{"href":"https:\/\/ayuntamientodeharia.com\/deportes\/wp-json\/wp\/v2\/posts"}],"about":[{"href":"https:\/\/ayuntamientodeharia.com\/deportes\/wp-json\/wp\/v2\/types\/post"}],"author":[{"embeddable":true,"href":"https:\/\/ayuntamientodeharia.com\/deportes\/wp-json\/wp\/v2\/users\/1"}],"replies":[{"embeddable":true,"href":"https:\/\/ayuntamientodeharia.com\/deportes\/wp-json\/wp\/v2\/comments?post=282"}],"version-history":[{"count":1,"href":"https:\/\/ayuntamientodeharia.com\/deportes\/wp-json\/wp\/v2\/posts\/282\/revisions"}],"predecessor-version":[{"id":284,"href":"https:\/\/ayuntamientodeharia.com\/deportes\/wp-json\/wp\/v2\/posts\/282\/revisions\/284"}],"wp:featuredmedia":[{"embeddable":true,"href":"https:\/\/ayuntamientodeharia.com\/deportes\/wp-json\/wp\/v2\/media\/283"}],"wp:attachment":[{"href":"https:\/\/ayuntamientodeharia.com\/deportes\/wp-json\/wp\/v2\/media?parent=282"}],"wp:term":[{"taxonomy":"category","embeddable":true,"href":"https:\/\/ayuntamientodeharia.com\/deportes\/wp-json\/wp\/v2\/categories?post=282"},{"taxonomy":"post_tag","embeddable":true,"href":"https:\/\/ayuntamientodeharia.com\/deportes\/wp-json\/wp\/v2\/tags?post=282"}],"curies":[{"name":"wp","href":"https:\/\/api.w.org\/{rel}","templated":true}]}}