{"id":481,"date":"2022-06-01T08:57:59","date_gmt":"2022-06-01T08:57:59","guid":{"rendered":"https:\/\/ayuntamientodeharia.com\/deportes\/?p=481"},"modified":"2022-06-01T08:57:59","modified_gmt":"2022-06-01T08:57:59","slug":"el-copiloto-norteno-ariday-bonilla-conquista-el-rally-de-portugal","status":"publish","type":"post","link":"https:\/\/ayuntamientodeharia.com\/deportes\/el-copiloto-norteno-ariday-bonilla-conquista-el-rally-de-portugal\/","title":{"rendered":"El copiloto norte\u00f1o Ariday Bonilla conquista el Rally de Portugal"},"content":{"rendered":"<p>El Ayuntamiento de Har\u00eda transmite sus felicitaciones al copiloto norte\u00f1o Ariday Bonilla por su victoria en el Rally de Portugal.<\/p>\n<p>El concejal de Deportes, Alejandro Hern\u00e1ndez, celebr\u00f3 la victoria de Bonilla en esta prueba del Mundial de Rallies y el hecho de haber alcanzado un logro tan significativo a nivel internacional. \u201cLe deseamos toda la suerte en futuras carreras para que siga trayendo m\u00e1s victorias a casa\u201d.<\/p>\n<p>El Rally de Portugal, adem\u00e1s de ser la cuarta prueba del Mundial de Rallies, supon\u00eda, al menos en su primera etapa, la tercera prueba de la Peugeot Rally Cup Ib\u00e9rica y de la TGR Iberian Cup.<\/p>\n","protected":false},"excerpt":{"rendered":"<p>El Ayuntamiento de Har\u00eda transmite sus felicitaciones al copiloto norte\u00f1o Ariday Bonilla por su victoria en el Rally de Portugal. El concejal de Deportes, Alejandro Hern\u00e1ndez, celebr\u00f3 la victoria de Bonilla en esta prueba del Mundial de Rallies y el hecho de haber alcanzado un logro tan significativo a nivel internacional. \u201cLe deseamos toda la [&hellip;]<\/p>\n","protected":false},"author":1,"featured_media":482,"comment_status":"closed","ping_status":"open","sticky":false,"template":"","format":"standard","meta":{"footnotes":""},"categories":[13],"tags":[],"class_list":["post-481","post","type-post","status-publish","format-standard","has-post-thumbnail","hentry","category-automovilismo"],"_links":{"self":[{"href":"https:\/\/ayuntamientodeharia.com\/deportes\/wp-json\/wp\/v2\/posts\/481","targetHints":{"allow":["GET"]}}],"collection":[{"href":"https:\/\/ayuntamientodeharia.com\/deportes\/wp-json\/wp\/v2\/posts"}],"about":[{"href":"https:\/\/ayuntamientodeharia.com\/deportes\/wp-json\/wp\/v2\/types\/post"}],"author":[{"embeddable":true,"href":"https:\/\/ayuntamientodeharia.com\/deportes\/wp-json\/wp\/v2\/users\/1"}],"replies":[{"embeddable":true,"href":"https:\/\/ayuntamientodeharia.com\/deportes\/wp-json\/wp\/v2\/comments?post=481"}],"version-history":[{"count":1,"href":"https:\/\/ayuntamientodeharia.com\/deportes\/wp-json\/wp\/v2\/posts\/481\/revisions"}],"predecessor-version":[{"id":483,"href":"https:\/\/ayuntamientodeharia.com\/deportes\/wp-json\/wp\/v2\/posts\/481\/revisions\/483"}],"wp:featuredmedia":[{"embeddable":true,"href":"https:\/\/ayuntamientodeharia.com\/deportes\/wp-json\/wp\/v2\/media\/482"}],"wp:attachment":[{"href":"https:\/\/ayuntamientodeharia.com\/deportes\/wp-json\/wp\/v2\/media?parent=481"}],"wp:term":[{"taxonomy":"category","embeddable":true,"href":"https:\/\/ayuntamientodeharia.com\/deportes\/wp-json\/wp\/v2\/categories?post=481"},{"taxonomy":"post_tag","embeddable":true,"href":"https:\/\/ayuntamientodeharia.com\/deportes\/wp-json\/wp\/v2\/tags?post=481"}],"curies":[{"name":"wp","href":"https:\/\/api.w.org\/{rel}","templated":true}]}}