{"id":705,"date":"2023-07-25T07:39:21","date_gmt":"2023-07-25T07:39:21","guid":{"rendered":"https:\/\/ayuntamientodeharia.com\/deportes\/?p=705"},"modified":"2023-07-25T07:39:21","modified_gmt":"2023-07-25T07:39:21","slug":"el-club-deportivo-de-artes-marciales-altura-norte-participa-en-el-ii-stage-de-judo-de-ilias-iliadis","status":"publish","type":"post","link":"https:\/\/ayuntamientodeharia.com\/deportes\/el-club-deportivo-de-artes-marciales-altura-norte-participa-en-el-ii-stage-de-judo-de-ilias-iliadis\/","title":{"rendered":"El Club Deportivo de Artes Marciales \u2018Altura Norte\u2019 participa en el II stage de judo de Ilias Iliadis"},"content":{"rendered":"<p>El Club Deportivo de Artes Marciales \u2018Altura Norte\u2019\u00a0participa en el II stage de judo de Ilias Iliadis. Alberto Socas y David Aguiar se trasladaron a Gran Canaria el pasado 13 donde disfrutaron de los conocimientos de grandes judocas como Javi \u201cIchiban\u201d Delgado, Jose Luis D\u00edaz \u00c1lvarez y Mireia Lapuerta Comas.<\/p>\n<p>El polideportivo Jes\u00fas Telo de Las Palmas, acogi\u00f3 durante 3 d\u00edas talleres sobre de alto rendimiento y competici\u00f3n.<\/p>\n<p>Desde el Ayuntamiento nos congratulamos que el CD. Altura Norte promocione al municipio en este tipo de actividades que aglutinan a los representantes de este deporte del m\u00e1s alto nivel.<\/p>\n","protected":false},"excerpt":{"rendered":"<p>El Club Deportivo de Artes Marciales \u2018Altura Norte\u2019\u00a0participa en el II stage de judo de Ilias Iliadis. Alberto Socas y David Aguiar se trasladaron a Gran Canaria el pasado 13 donde disfrutaron de los conocimientos de grandes judocas como Javi \u201cIchiban\u201d Delgado, Jose Luis D\u00edaz \u00c1lvarez y Mireia Lapuerta Comas. El polideportivo Jes\u00fas Telo de [&hellip;]<\/p>\n","protected":false},"author":1,"featured_media":706,"comment_status":"closed","ping_status":"open","sticky":false,"template":"","format":"standard","meta":{"footnotes":""},"categories":[17],"tags":[],"class_list":["post-705","post","type-post","status-publish","format-standard","has-post-thumbnail","hentry","category-karate-y-deportes-de-contacto"],"_links":{"self":[{"href":"https:\/\/ayuntamientodeharia.com\/deportes\/wp-json\/wp\/v2\/posts\/705","targetHints":{"allow":["GET"]}}],"collection":[{"href":"https:\/\/ayuntamientodeharia.com\/deportes\/wp-json\/wp\/v2\/posts"}],"about":[{"href":"https:\/\/ayuntamientodeharia.com\/deportes\/wp-json\/wp\/v2\/types\/post"}],"author":[{"embeddable":true,"href":"https:\/\/ayuntamientodeharia.com\/deportes\/wp-json\/wp\/v2\/users\/1"}],"replies":[{"embeddable":true,"href":"https:\/\/ayuntamientodeharia.com\/deportes\/wp-json\/wp\/v2\/comments?post=705"}],"version-history":[{"count":1,"href":"https:\/\/ayuntamientodeharia.com\/deportes\/wp-json\/wp\/v2\/posts\/705\/revisions"}],"predecessor-version":[{"id":707,"href":"https:\/\/ayuntamientodeharia.com\/deportes\/wp-json\/wp\/v2\/posts\/705\/revisions\/707"}],"wp:featuredmedia":[{"embeddable":true,"href":"https:\/\/ayuntamientodeharia.com\/deportes\/wp-json\/wp\/v2\/media\/706"}],"wp:attachment":[{"href":"https:\/\/ayuntamientodeharia.com\/deportes\/wp-json\/wp\/v2\/media?parent=705"}],"wp:term":[{"taxonomy":"category","embeddable":true,"href":"https:\/\/ayuntamientodeharia.com\/deportes\/wp-json\/wp\/v2\/categories?post=705"},{"taxonomy":"post_tag","embeddable":true,"href":"https:\/\/ayuntamientodeharia.com\/deportes\/wp-json\/wp\/v2\/tags?post=705"}],"curies":[{"name":"wp","href":"https:\/\/api.w.org\/{rel}","templated":true}]}}