{"id":778,"date":"2024-03-25T09:01:30","date_gmt":"2024-03-25T09:01:30","guid":{"rendered":"https:\/\/ayuntamientodeharia.com\/deportes\/?p=778"},"modified":"2024-03-25T09:01:30","modified_gmt":"2024-03-25T09:01:30","slug":"felicitamos-al-cadete-c-f-de-haria","status":"publish","type":"post","link":"https:\/\/ayuntamientodeharia.com\/deportes\/felicitamos-al-cadete-c-f-de-haria\/","title":{"rendered":"Felicitamos al Cadete C.F de Har\u00eda"},"content":{"rendered":"<p>El equipo cadete de Har\u00eda demostr\u00f3 su val\u00eda al coronarse campe\u00f3n de la pasada liga insular.<\/p>\n<p>Ahora, con la mirada puesta en la Copa, siguen trabajando duro en los entrenamientos para alcanzar nuevos \u00e9xitos.<\/p>\n<p>Desde el Ayuntamiento, queremos felicitarlos y expresarles nuestros mejores deseos para que tengan la misma suerte en la Copa. \u00a1A por todas, equipo!<\/p>\n","protected":false},"excerpt":{"rendered":"<p>El equipo cadete de Har\u00eda demostr\u00f3 su val\u00eda al coronarse campe\u00f3n de la pasada liga insular. Ahora, con la mirada puesta en la Copa, siguen trabajando duro en los entrenamientos para alcanzar nuevos \u00e9xitos. Desde el Ayuntamiento, queremos felicitarlos y expresarles nuestros mejores deseos para que tengan la misma suerte en la Copa. \u00a1A por [&hellip;]<\/p>\n","protected":false},"author":1,"featured_media":779,"comment_status":"closed","ping_status":"open","sticky":false,"template":"","format":"standard","meta":{"footnotes":""},"categories":[5],"tags":[],"class_list":["post-778","post","type-post","status-publish","format-standard","has-post-thumbnail","hentry","category-futbol"],"_links":{"self":[{"href":"https:\/\/ayuntamientodeharia.com\/deportes\/wp-json\/wp\/v2\/posts\/778","targetHints":{"allow":["GET"]}}],"collection":[{"href":"https:\/\/ayuntamientodeharia.com\/deportes\/wp-json\/wp\/v2\/posts"}],"about":[{"href":"https:\/\/ayuntamientodeharia.com\/deportes\/wp-json\/wp\/v2\/types\/post"}],"author":[{"embeddable":true,"href":"https:\/\/ayuntamientodeharia.com\/deportes\/wp-json\/wp\/v2\/users\/1"}],"replies":[{"embeddable":true,"href":"https:\/\/ayuntamientodeharia.com\/deportes\/wp-json\/wp\/v2\/comments?post=778"}],"version-history":[{"count":1,"href":"https:\/\/ayuntamientodeharia.com\/deportes\/wp-json\/wp\/v2\/posts\/778\/revisions"}],"predecessor-version":[{"id":780,"href":"https:\/\/ayuntamientodeharia.com\/deportes\/wp-json\/wp\/v2\/posts\/778\/revisions\/780"}],"wp:featuredmedia":[{"embeddable":true,"href":"https:\/\/ayuntamientodeharia.com\/deportes\/wp-json\/wp\/v2\/media\/779"}],"wp:attachment":[{"href":"https:\/\/ayuntamientodeharia.com\/deportes\/wp-json\/wp\/v2\/media?parent=778"}],"wp:term":[{"taxonomy":"category","embeddable":true,"href":"https:\/\/ayuntamientodeharia.com\/deportes\/wp-json\/wp\/v2\/categories?post=778"},{"taxonomy":"post_tag","embeddable":true,"href":"https:\/\/ayuntamientodeharia.com\/deportes\/wp-json\/wp\/v2\/tags?post=778"}],"curies":[{"name":"wp","href":"https:\/\/api.w.org\/{rel}","templated":true}]}}